{"id":525,"date":"2012-03-14T12:38:00","date_gmt":"2012-03-14T12:38:00","guid":{"rendered":"https:\/\/josepmcomelles.com\/?p=525"},"modified":"2025-09-14T17:04:07","modified_gmt":"2025-09-14T17:04:07","slug":"lhospital-de-valls","status":"publish","type":"post","link":"https:\/\/josepmcomelles.com\/es\/lhospital-de-valls\/","title":{"rendered":"L&#8217;Hospital de Valls"},"content":{"rendered":"\r\n<p><b>Comelles, J.M.; Daura, A.; Arnau. M &amp;; Martin, E.<\/b><br \/><i>L&#8217;Hospital de Valls. Assaig sobre la estructura i el significat de les institucions d&#8217;assist\u00e8ncia.<\/i><br \/>1991 Valls: Institut d&#8217;estudis Vallencs.<\/p>\r\n<p>Era un encargo del <i>Institut d&#8217;Estudis Vallencs<\/i> Nos pidieron un libro conmemorativo de la trayectoria secular del Hospital de Valls. Esta instituci\u00f3n se hab\u00eda convertido en asilo de ancianos durante el tardofranquismo. A principios de los ochenta la Generalitat se propuso reabrirlo como Hopsital Comarcal y la fundaci\u00f3n del Hospital nos encargo, a trav\u00e9s del <i>Institut<\/i>, un libro conmemorativo que permitiese sacar a la luz una relativamente rica documentaci\u00f3n. El desaf\u00edo era interesante puesto que los fundamentos del Hospital estaban en la Baja Edad Media y hab\u00eda una continuidad en la instituci\u00f3n hasta la actualidad. Terminamos el libro en 1991, fue editado pulcramente y estaba convencido que estaba agotado hasta que, al visitar la p\u00e1gina del <i>Institut<\/i> me encuentro, ante mi sorpresa, que quedan aun ejemplares disponibles.<\/p>\r\n<p>La investigaci\u00f3n fue un desaf\u00edo en la medida que el objetivo del estudio no era en s\u00ed conmemorar en el sentido tradicional del t\u00e9rmino sino, a partir del <i>case study<\/i> de Valls, explorar el significado transhist\u00f3rico de los hospitales locales en la Catalunya moderna y contempor\u00e1nea. El resultado final nos dej\u00f3 satisfechos y el pr\u00f3logo de Felip Cid y las recensiones que recibi\u00f3 permitieron la legitimaci\u00f3n del libro, que a un sector de los estudiosos locales les sorprendi\u00f3 quiz\u00e1s demasiado.<\/p>\r\n<p>En mi trayectoria de investigaci\u00f3n, este libro signific\u00f3 un cierto punto de inflexi\u00f3n, sin el que no pueden comprenderse una parte de mi tarea posterior sobre la medicalizaci\u00f3n a escala local, regional o internacional, y por qu\u00e9 no decirlo una apertura hacia el mundo medieval y moderno y sus relaciones con la Economia pol\u00edtica. Por eso no me satisface demasiado el tratamiento que Castel da a la acci\u00f3n social del Antiguo Regimen en <i>La metam\u00f3rfosis de la Cuestion Social<\/i>. De hecho los datos de Valls, corroborados, en estudios sobre instituciones en Europa del Sur y ratificados por el extraordinario libro de Gunther Risse <i>Saving Souls, Mending bodies<\/i> (1999), ponen de relieve un significado mucho m\u00e1s complejo que el simplismo muy \u00abjacobino-republicano\u00bb franc\u00e9s.<\/p>\r\n<p><a href=\"https:\/\/www.researchgate.net\/publication\/236170731_L'Hospital_de_Valls_Assaig_sobre_l'estructura_i_les_transformacions_de_les_institucions_d'assistencia\">Link para la descarga<\/a><\/p>\r\n","protected":false},"excerpt":{"rendered":"<p>Era un encargo del <i>Institut d&#8217;Estudis Vallencs<\/i> Nos pidieron un libro conmemorativo de la trayectoria secular del Hospital de Valls.<\/p>\n","protected":false},"author":1,"featured_media":527,"comment_status":"open","ping_status":"open","sticky":false,"template":"","format":"standard","meta":{"_acf_changed":false,"footnotes":""},"categories":[354,362,364,365,367,368],"tags":[84,187,277],"class_list":["post-525","post","type-post","status-publish","format-standard","has-post-thumbnail","hentry","category-antropologia-medica-es","category-historia-e-historias","category-libros","category-obituarios-y-memorias-es","category-salud","category-sociedad-y-cultura","tag-catalunya","tag-hospitales","tag-valls-josep-m-comelles"],"acf":[],"jetpack_featured_media_url":"https:\/\/josepmcomelles.com\/wp-content\/uploads\/2012\/03\/hospital_valls.jpg","_links":{"self":[{"href":"https:\/\/josepmcomelles.com\/es\/wp-json\/wp\/v2\/posts\/525","targetHints":{"allow":["GET"]}}],"collection":[{"href":"https:\/\/josepmcomelles.com\/es\/wp-json\/wp\/v2\/posts"}],"about":[{"href":"https:\/\/josepmcomelles.com\/es\/wp-json\/wp\/v2\/types\/post"}],"author":[{"embeddable":true,"href":"https:\/\/josepmcomelles.com\/es\/wp-json\/wp\/v2\/users\/1"}],"replies":[{"embeddable":true,"href":"https:\/\/josepmcomelles.com\/es\/wp-json\/wp\/v2\/comments?post=525"}],"version-history":[{"count":9,"href":"https:\/\/josepmcomelles.com\/es\/wp-json\/wp\/v2\/posts\/525\/revisions"}],"predecessor-version":[{"id":2599,"href":"https:\/\/josepmcomelles.com\/es\/wp-json\/wp\/v2\/posts\/525\/revisions\/2599"}],"wp:featuredmedia":[{"embeddable":true,"href":"https:\/\/josepmcomelles.com\/es\/wp-json\/wp\/v2\/media\/527"}],"wp:attachment":[{"href":"https:\/\/josepmcomelles.com\/es\/wp-json\/wp\/v2\/media?parent=525"}],"wp:term":[{"taxonomy":"category","embeddable":true,"href":"https:\/\/josepmcomelles.com\/es\/wp-json\/wp\/v2\/categories?post=525"},{"taxonomy":"post_tag","embeddable":true,"href":"https:\/\/josepmcomelles.com\/es\/wp-json\/wp\/v2\/tags?post=525"}],"curies":[{"name":"wp","href":"https:\/\/api.w.org\/{rel}","templated":true}]}}