{"id":511,"date":"2012-02-02T12:18:00","date_gmt":"2012-02-02T12:18:00","guid":{"rendered":"https:\/\/josepmcomelles.com\/?p=511"},"modified":"2025-09-14T16:45:14","modified_gmt":"2025-09-14T16:45:14","slug":"lesperit-de-la-galaxia","status":"publish","type":"post","link":"https:\/\/josepmcomelles.com\/es\/lesperit-de-la-galaxia\/","title":{"rendered":"L&#8217;esperit de la gal\u00e0xia. El concert de Sisa a la URV"},"content":{"rendered":"\r\n<p>Victor Erice a <i>El esp\u00edritu de la colmena<\/i> (1972 ) mostrava una Ana Torrent molt nena, somniant i jugant amb el monstre de Frankenstein. Alguna cr\u00edtica de la pel\u00b7licula, potser a <i>Le Monde<\/i>, s&#8217;intitulava <i>Frankenstein contre Franco<\/i>. Per Ana, en una <i>meseta<\/i> castellana que nom\u00e9s el malaguanyat Luis Cuadrado va saber filmar, la quimera era una forma de fugir, m\u00e0gicament de les tristors del m\u00f3n real, un m\u00f3n en el qual durant dues, tres o quatre d\u00e8cades molts esperavem, un any i despr\u00e9s un altre que alg\u00fan dia sortiria el sol per\u00f2 aquest no eixia mai. Sisa va escriure <i>Qualsevol nit pot sortir el sol<\/i> al mateix temps que Erice rod\u00e0 la pel\u00b7licula. Hi ha entre tots dos una difer\u00e8ncia d&#8217;edat que marca. Erice deu rondar els vuitanta i Sisa i jo passem de llarg dels setanta. El m\u00f3n de la nostra adolesc\u00e8ncia no fou el mateix &#8211; el de Erice fou encara pitjor &#8211; i les dues lectures, la d&#8217;ell m\u00e9s opressiva, i la nostra no podien ser la mateixa. Sisa i jo compartim, probablement, que de nit podia sortir el sol. Et tancaves a la teva cambra, si convenia tapaves el sota de la porta perque no n&#8217;eix\u00eds la llum, <i>Nen si llegeixes massa et tornar\u00e0s cec<\/i>, obries la p\u00e1gina del tebeo o del llibre de la <i>colecci\u00f3n Cadete<\/i>, els de la <i>colecci\u00f3n Historias<\/i>, o els contes de Guillermo, o <i>Beau Geste<\/i> en les novel\u00b7les de <i>Editorial Juventud<\/i>, <i>Editorial Molino<\/i> o els llibres de Salgari o de Juli Verne , i la tristor, la por la sordidesa i la mis\u00e8ria desapareixien, travessaves la p\u00e0gina de paper et converties en car\u00e0cters de Garamond 10 fins que clucaves els ulls, mirant de tancar la llum i continuaves, en <i>Cinemascope<\/i> y pantalla <i>panor\u00e0mica<\/i> la festa que permetia fer de les tristors fum, amb els nostres amics invisibles que havien entrat pels nostres ulls i ara en feien companyia en els nostres somnis.<\/p>\r\n<p>Fa anys Sisa va actuar a l&#8217;Aula Magna del Campus de Catalunya de la URV. Aci en teniu les imatges<\/p>\r\n<div style=\"padding: 56.25% 0 0 0; position: relative;\"><iframe style=\"position: absolute; top: 0; left: 0; width: 100%; height: 100%;\" title=\"Sisa\" src=\"https:\/\/player.vimeo.com\/video\/15823625?badge=0&amp;autopause=0&amp;player_id=0&amp;app_id=58479\" frameborder=\"0\"><\/iframe><\/div>\r\n<p><script src=\"https:\/\/player.vimeo.com\/api\/player.js\"><\/script><\/p>","protected":false},"excerpt":{"rendered":"<p>Victor Erice a El esp\u00edritu de la colmena (1972 ) mostrava una Ana Torrent molt nena, somniant i jugant amb el monstre de Frankenstein.<\/p>\n","protected":false},"author":1,"featured_media":516,"comment_status":"open","ping_status":"open","sticky":false,"template":"","format":"standard","meta":{"_acf_changed":false,"footnotes":""},"categories":[357,360,361,362,365,368],"tags":[84,190,90,275,36,191],"class_list":["post-511","post","type-post","status-publish","format-standard","has-post-thumbnail","hentry","category-cosas-de-familia","category-etnografias-visuales","category-geografias-sentimentales","category-historia-e-historias","category-obituarios-y-memorias-es","category-sociedad-y-cultura","tag-catalunya","tag-musica-folk","tag-paisaje-sonoro","tag-sisa","tag-tarragona","tag-urv"],"acf":[],"jetpack_featured_media_url":"https:\/\/josepmcomelles.com\/wp-content\/uploads\/2012\/02\/jaume_sisa.jpg","_links":{"self":[{"href":"https:\/\/josepmcomelles.com\/es\/wp-json\/wp\/v2\/posts\/511","targetHints":{"allow":["GET"]}}],"collection":[{"href":"https:\/\/josepmcomelles.com\/es\/wp-json\/wp\/v2\/posts"}],"about":[{"href":"https:\/\/josepmcomelles.com\/es\/wp-json\/wp\/v2\/types\/post"}],"author":[{"embeddable":true,"href":"https:\/\/josepmcomelles.com\/es\/wp-json\/wp\/v2\/users\/1"}],"replies":[{"embeddable":true,"href":"https:\/\/josepmcomelles.com\/es\/wp-json\/wp\/v2\/comments?post=511"}],"version-history":[{"count":11,"href":"https:\/\/josepmcomelles.com\/es\/wp-json\/wp\/v2\/posts\/511\/revisions"}],"predecessor-version":[{"id":2584,"href":"https:\/\/josepmcomelles.com\/es\/wp-json\/wp\/v2\/posts\/511\/revisions\/2584"}],"wp:featuredmedia":[{"embeddable":true,"href":"https:\/\/josepmcomelles.com\/es\/wp-json\/wp\/v2\/media\/516"}],"wp:attachment":[{"href":"https:\/\/josepmcomelles.com\/es\/wp-json\/wp\/v2\/media?parent=511"}],"wp:term":[{"taxonomy":"category","embeddable":true,"href":"https:\/\/josepmcomelles.com\/es\/wp-json\/wp\/v2\/categories?post=511"},{"taxonomy":"post_tag","embeddable":true,"href":"https:\/\/josepmcomelles.com\/es\/wp-json\/wp\/v2\/tags?post=511"}],"curies":[{"name":"wp","href":"https:\/\/api.w.org\/{rel}","templated":true}]}}