{"id":352,"date":"2010-03-03T12:59:00","date_gmt":"2010-03-03T12:59:00","guid":{"rendered":"https:\/\/josepmcomelles.com\/?p=352"},"modified":"2025-03-01T10:51:06","modified_gmt":"2025-03-01T10:51:06","slug":"geografias-sentimentales","status":"publish","type":"post","link":"https:\/\/josepmcomelles.com\/es\/geografias-sentimentales\/","title":{"rendered":"Geograf\u00edas sentimentales. El Manto de la Virgen del Roc\u00edo"},"content":{"rendered":"\r\n<p>La geograf\u00eda o los viajes sentimentales nos conducen, una y otra vez, como a S\u00edsifo, al mismo lugar. Hoy he vuelto a pisar las arenas, de nuevo otra vez. La Rocina tra\u00eda tanta agua que la tentaci\u00f3n fue irresistible. Llegas, compras rega\u00f1\u00e1 en la panader\u00eda de la esquina, y te das una vuelta <i>Un a\u00f1o m\u00e1s pa cantarte\/ tu ya nos tienes aqu\u00ed<\/i> y entras de nuevo y te sorprendes que el manto de siempre, de colores fr\u00edos y de bordados de plata es ahora bermejo. Y te paras, y miras a tu alrededor y decides que no vas a violar, solo por esta vez, la regla que no permite filmar dentro. El que vende loter\u00eda en la puerta te cuenta que el manto lo ha regalado, hace apenas un mes, el hijo de la camarista de la Ermita. Te gusta el color, te gusta el manto, te gusta la Virgen guapa, guapa, guapa, bonita, bonita, bonita. Armas el tr\u00edpode, estrenas el gran angular que te regalaron con la nueva c\u00e1mara en la <i>Duty Free<\/i> de Singapur, montas la c\u00e1mara y tratas de mirar, de puertas afuera, de jugar un poco con las im\u00e1genes, la sensibilidad de la c\u00e1mara y el <i>Cinemascope<\/i>. Porque para m\u00ed, eso del 16:9 es y ser\u00e1 <i>Cinemascope<\/i> o <i>pantalla panor\u00e1mica<\/i>, como la del <i>Lido<\/i> del Passeig de Sant Joan, m\u00e1s all\u00e1 de Arag\u00f3n que dec\u00edan era la mayor de Barcelona. Unos se fotograf\u00edan a pesar de la prohibici\u00f3n cabe a la reja. Pero yo prefiero el \u00faltimo plano&#8230;<\/p>\r\n\r\n\r\n\r\n<p><iframe loading=\"lazy\" title=\"El Manto de la Virgen\" src=\"https:\/\/player.vimeo.com\/video\/9879465?badge=0&amp;autopause=0&amp;player_id=0&amp;app_id=58479\" width=\"1280\" height=\"720\" frameborder=\"0\" uk-responsive=\"\"><\/iframe><\/p>\r\n","protected":false},"excerpt":{"rendered":"<p>La geograf\u00eda o los viajes sentimentales nos conducen, una y otra vez, como a S\u00edsifo, al mismo lugar. Hoy he vuelto a pisar las arenas, de nuevo otra vez.<\/p>\n","protected":false},"author":1,"featured_media":357,"comment_status":"open","ping_status":"open","sticky":false,"template":"","format":"standard","meta":{"_acf_changed":false,"footnotes":""},"categories":[46,10,5,4,172,11],"tags":[219,41,220],"class_list":["post-352","post","type-post","status-publish","format-standard","has-post-thumbnail","hentry","category-antropologia","category-cinema","category-etnografies-visuals","category-geografies-sentimentals","category-societat-i-cultura","category-viatges","tag-andalucia","tag-rituales","tag-rocio"],"acf":[],"jetpack_featured_media_url":"https:\/\/josepmcomelles.com\/wp-content\/uploads\/2010\/03\/geografias_sentimentales.jpg","_links":{"self":[{"href":"https:\/\/josepmcomelles.com\/es\/wp-json\/wp\/v2\/posts\/352","targetHints":{"allow":["GET"]}}],"collection":[{"href":"https:\/\/josepmcomelles.com\/es\/wp-json\/wp\/v2\/posts"}],"about":[{"href":"https:\/\/josepmcomelles.com\/es\/wp-json\/wp\/v2\/types\/post"}],"author":[{"embeddable":true,"href":"https:\/\/josepmcomelles.com\/es\/wp-json\/wp\/v2\/users\/1"}],"replies":[{"embeddable":true,"href":"https:\/\/josepmcomelles.com\/es\/wp-json\/wp\/v2\/comments?post=352"}],"version-history":[{"count":6,"href":"https:\/\/josepmcomelles.com\/es\/wp-json\/wp\/v2\/posts\/352\/revisions"}],"predecessor-version":[{"id":1579,"href":"https:\/\/josepmcomelles.com\/es\/wp-json\/wp\/v2\/posts\/352\/revisions\/1579"}],"wp:featuredmedia":[{"embeddable":true,"href":"https:\/\/josepmcomelles.com\/es\/wp-json\/wp\/v2\/media\/357"}],"wp:attachment":[{"href":"https:\/\/josepmcomelles.com\/es\/wp-json\/wp\/v2\/media?parent=352"}],"wp:term":[{"taxonomy":"category","embeddable":true,"href":"https:\/\/josepmcomelles.com\/es\/wp-json\/wp\/v2\/categories?post=352"},{"taxonomy":"post_tag","embeddable":true,"href":"https:\/\/josepmcomelles.com\/es\/wp-json\/wp\/v2\/tags?post=352"}],"curies":[{"name":"wp","href":"https:\/\/api.w.org\/{rel}","templated":true}]}}