{"id":1734,"date":"2020-04-23T08:58:27","date_gmt":"2020-04-23T08:58:27","guid":{"rendered":"https:\/\/josepmcomelles.com\/?p=1734"},"modified":"2025-09-15T10:32:36","modified_gmt":"2025-09-15T10:32:36","slug":"il-sofa-amb-tullio-seppilli-6","status":"publish","type":"post","link":"https:\/\/josepmcomelles.com\/es\/il-sofa-amb-tullio-seppilli-6\/","title":{"rendered":"Il sofa amb\u2026 Tullio Seppilli (6)"},"content":{"rendered":"<div style=\"padding: 56.25% 0 0 0; position: relative;\"><iframe style=\"position: absolute; top: 0; left: 0; width: 100%; height: 100%;\" title=\"6. Il sof\u00e0 con Tullio Seppilli. Il fondatore dell'Antropologia medica italiana\" src=\"https:\/\/player.vimeo.com\/video\/274830200?badge=0&amp;autopause=0&amp;player_id=0&amp;app_id=58479\" frameborder=\"0\"><\/iframe><\/div>\n<p><script src=\"https:\/\/player.vimeo.com\/api\/player.js\"><\/script><\/p>\n<p class=\"has-text-align-center\"><strong>To translate to other languages go to the blue command at right and click<\/strong><\/p>\n<p><em>Alla fine del decennio passato ebbi l\u2019idea di un \u00a0programma di televisione, di quelli che ho denominato\u00a0Il sof\u00e0, un s\u00edmbolo del nostro Dipartimento. He girato cinque fine oggi: Eduardo Men\u00e9ndez, Lluis Mallart, Joan Prat antropologi, Domingo Ruano et Josep Dan\u00f3n medici. Sapevo che Tullio doveva essere un altro. Ci riusc\u00ec qualche anno pi\u00f9 tardi quando, esplorando l\u2019influenza che il volume del corso estivo aveva avuto su uno degli intellettuali organici della pedagogia franchista, Adolfo Maillo. Con Enrique Perdiguero e Isabella Ricc\u00f2 volemmo intervistare e girare un gruppo focale con i fondatori del CSES e in particolare con Tullio. Arrivammo a Perugia agli albori della primavera. Tullio ci aspettava alla Fondazione. Girammo un paio d\u2019ore di video e altrettante d\u2019audio. Cenammo insieme. Lo incontrai per l\u2019ultima volta alla conferenza inaugurale del Medical Anthropology at Home meeting a Bologna. Registrai tutta la conferenza. Fu l\u2019ultima volta che lo vidi.\u00a0 Il sof\u00e0, il titolo generico di questo documentario, non posso farlo di fretta. In questo caso chiesi ad Isabella di aiutarmi. Mi sono reso conto che \u201ci sof\u00e0\u201d sono per me una sfida personale dato che rimandano ad amici o persone che formano parte della mia geografia sentimentale. Narrarlo \u00e8 un esercizio che dura mesi, ed implica fare e disfare per cercare di (rie)evocare il personaggio, di impiegare elementi metareferenziali, private jokes, per non rendere funereo il documento finale, ma tutto il contrario, ovvero un modo per rappresentare quel Tullio che mai dimenticher\u00f2. Di solito quando termino le riprese chiedo ai partecipanti qual \u00e8 la loro musica prediletta. Tullio me ne propose una che ho incluso. Quando la proiezione sar\u00e0 finita, forse alcuni di voi si chiederanno qual \u00e8. Altri, invece, sicuramente lo sapranno\u2026<\/em><\/p>\n<p><img loading=\"lazy\" decoding=\"async\" class=\"alignnone wp-image-1736 size-full\" src=\"https:\/\/josepmcomelles.com\/wp-content\/uploads\/2020\/04\/seppilli-2014-perugia.webp\" alt=\"\" width=\"2046\" height=\"1394\" srcset=\"https:\/\/josepmcomelles.com\/wp-content\/uploads\/2020\/04\/seppilli-2014-perugia.webp 2046w, https:\/\/josepmcomelles.com\/wp-content\/uploads\/2020\/04\/seppilli-2014-perugia-300x204.webp 300w, https:\/\/josepmcomelles.com\/wp-content\/uploads\/2020\/04\/seppilli-2014-perugia-1024x698.webp 1024w, https:\/\/josepmcomelles.com\/wp-content\/uploads\/2020\/04\/seppilli-2014-perugia-768x523.webp 768w, https:\/\/josepmcomelles.com\/wp-content\/uploads\/2020\/04\/seppilli-2014-perugia-1536x1047.webp 1536w\" sizes=\"(max-width: 2046px) 100vw, 2046px\" \/><\/p>\n<p class=\"uk-text-small\">Enrique Perdiguero, Giovanni Pizza, Tullio Seppilli, e Josep M.Comelles ( Zenith, Perugia 2015, Foto: Isabella Ricc\u00f3)<\/p>\n<p>Abordar un personaje como Tullio Seppilli (Padua, 1928-Perugia, 2017), uno de los fundadores seniors de la antropolog\u00eda m\u00e9dica europea, produce v\u00e9rtigo. En mis anteriores \u00ab<em>sof\u00e1s<\/em>\u00bb los actores estaban vivos. La edici\u00f3n de este en cambio se hizo tras su fallecimiento. Impone m\u00e1s todav\u00eda, maxime cuando deb\u00edamos trabajar en italiano y tratar de sintetizar una vida que recubre casi un siglo, en el breve espacio de 48\u2032, el l\u00edmite que me fijo para esas\u00a0emisiones. Nuestra obsesi\u00f3n, la de Isabella Ricc\u00f2 y la mia, los dos coautores era devolver la memoria de alguien vivo, de un interlocutor que nos habla a trav\u00e9s de la pantalla y, a la vez, evocar en el sentido literal del t\u00e9rmino el \u00abmundo\u00bb de Tullio Seppilli. Toda una \u00e9poca aunque mi relaci\u00f3n con \u00e9l se limit\u00f3 al cuarto de siglo que va desde principio de los noventa a su traspaso. Supimos, desde el primer d\u00eda que \u00e9l no podr\u00eda evaluar nuestro trabajo, si en cambio la mir\u00edada de disc\u00edpulos que evocamos al maestro. En esas condiciones es imposible la objetividad, es indispensable ir m\u00e1s all\u00e1 de ella, poner de relieve un personaje complejo, fascinante que nos viene de un tiempo que ya no es el nuestro, presentar un personaje con el que cada uno de los que lo conocimos preserva con cari\u00f1o escenas, an\u00e9cdotas, vivencias y sentimientos.<br \/>\nIsabella y yo trabajamos medio a\u00f1o. Nos sumergimos en los archivos riqu\u00edsimos sonoros de folkore musical del centro de Italia, redescubrimos el mundo del documental etnogr\u00e1fico italiano inscrito en el neorrealismo y que sirvi\u00f3 indudablemente de inspiraci\u00f3n a Jacint Esteva para su\u00a0<em>Lejos de los Arboles.\u00a0<\/em>Descubr\u00ed la canci\u00f3n folk italiana y supe al orila que I<em>l 12 de Dicembro cantado\u00a0<\/em>por Lucilla Galeazzi deb\u00eda formar parte la evocaci\u00f3n. Lucilla nos autoriz\u00f3 en una preciosa carta. Vimos y revimos el documental ya terminado docenas de veces, pulimos los detalles pero nos quedaba someterlo al mundo de Tullio. El estreno del documental tuvo lugar en Perugia, durante el Convegno que la\u00a0<em>Societ\u00e0 Italiana di Antropologia m\u00e9dica<\/em>\u00a0hab\u00eda organizado en la primavera de 2018 como homenaje a Tullio.<\/p>\n<p><img loading=\"lazy\" decoding=\"async\" class=\"alignnone wp-image-1737 size-full\" src=\"https:\/\/josepmcomelles.com\/wp-content\/uploads\/2020\/04\/sp-2800-imag0119.webp\" alt=\"\" width=\"2046\" height=\"1364\" srcset=\"https:\/\/josepmcomelles.com\/wp-content\/uploads\/2020\/04\/sp-2800-imag0119.webp 2046w, https:\/\/josepmcomelles.com\/wp-content\/uploads\/2020\/04\/sp-2800-imag0119-300x200.webp 300w, https:\/\/josepmcomelles.com\/wp-content\/uploads\/2020\/04\/sp-2800-imag0119-1024x683.webp 1024w, https:\/\/josepmcomelles.com\/wp-content\/uploads\/2020\/04\/sp-2800-imag0119-768x512.webp 768w, https:\/\/josepmcomelles.com\/wp-content\/uploads\/2020\/04\/sp-2800-imag0119-1536x1024.webp 1536w\" sizes=\"(max-width: 2046px) 100vw, 2046px\" \/><\/p>\n<p>La proyecci\u00f3n se har\u00eda en el Zenith, una sala de cine como aquellas en que constru\u00ed mi cinefilia en mi adolescencia. Maderas en las paredes, luces de candelabros, butacas de Terciopelo, tel\u00f3n,\u00a0proyeccionista como el de Cinema Paradiso. Me estremec\u00ed al llegar. La sala se fue llenando.<\/p>\n<p><img loading=\"lazy\" decoding=\"async\" class=\"alignnone wp-image-1739 size-full\" src=\"https:\/\/josepmcomelles.com\/wp-content\/uploads\/2020\/04\/zen2-768x511-1.jpg\" alt=\"\" width=\"768\" height=\"511\" srcset=\"https:\/\/josepmcomelles.com\/wp-content\/uploads\/2020\/04\/zen2-768x511-1.jpg 768w, https:\/\/josepmcomelles.com\/wp-content\/uploads\/2020\/04\/zen2-768x511-1-300x200.jpg 300w\" sizes=\"(max-width: 768px) 100vw, 768px\" \/><\/p>\n<p>Se apagaron las luces lentamente. La pantalla se ilumin\u00f3.<br \/>\n<em>\u2013 Cosa a dire\u2026<\/em><\/p>\n","protected":false},"excerpt":{"rendered":"<p>Alla fine del decennio passato ebbi l\u2019idea di un  programma di televisione, di quelli che ho denominato Il sof\u00e0, un s\u00edmbolo del nostro Dipartimento.<\/p>\n","protected":false},"author":1,"featured_media":1738,"comment_status":"open","ping_status":"open","sticky":false,"template":"","format":"standard","meta":{"_acf_changed":false,"footnotes":""},"categories":[46,46,3,46,3,10,10,10,6,6,3,13,171,172,6],"tags":[342,22,45],"class_list":{"0":"post-1734","1":"post","2":"type-post","3":"status-publish","4":"format-standard","5":"has-post-thumbnail","6":"hentry","7":"category-antropologia","9":"category-antropologia-medica","12":"category-cinema","15":"category-el-sofa-amb","18":"category-obituarios-y-memorias","19":"category-salut","20":"category-societat-i-cultura","22":"tag-antropolegs-medics","23":"tag-antropologia-medica","24":"tag-italia"},"acf":[],"jetpack_featured_media_url":"https:\/\/josepmcomelles.com\/wp-content\/uploads\/2020\/04\/tullio-seppilli-2005-03-ascona-2.jpeg","_links":{"self":[{"href":"https:\/\/josepmcomelles.com\/es\/wp-json\/wp\/v2\/posts\/1734","targetHints":{"allow":["GET"]}}],"collection":[{"href":"https:\/\/josepmcomelles.com\/es\/wp-json\/wp\/v2\/posts"}],"about":[{"href":"https:\/\/josepmcomelles.com\/es\/wp-json\/wp\/v2\/types\/post"}],"author":[{"embeddable":true,"href":"https:\/\/josepmcomelles.com\/es\/wp-json\/wp\/v2\/users\/1"}],"replies":[{"embeddable":true,"href":"https:\/\/josepmcomelles.com\/es\/wp-json\/wp\/v2\/comments?post=1734"}],"version-history":[{"count":5,"href":"https:\/\/josepmcomelles.com\/es\/wp-json\/wp\/v2\/posts\/1734\/revisions"}],"predecessor-version":[{"id":2622,"href":"https:\/\/josepmcomelles.com\/es\/wp-json\/wp\/v2\/posts\/1734\/revisions\/2622"}],"wp:featuredmedia":[{"embeddable":true,"href":"https:\/\/josepmcomelles.com\/es\/wp-json\/wp\/v2\/media\/1738"}],"wp:attachment":[{"href":"https:\/\/josepmcomelles.com\/es\/wp-json\/wp\/v2\/media?parent=1734"}],"wp:term":[{"taxonomy":"category","embeddable":true,"href":"https:\/\/josepmcomelles.com\/es\/wp-json\/wp\/v2\/categories?post=1734"},{"taxonomy":"post_tag","embeddable":true,"href":"https:\/\/josepmcomelles.com\/es\/wp-json\/wp\/v2\/tags?post=1734"}],"curies":[{"name":"wp","href":"https:\/\/api.w.org\/{rel}","templated":true}]}}