{"id":1704,"date":"2020-04-17T07:49:06","date_gmt":"2020-04-17T07:49:06","guid":{"rendered":"https:\/\/josepmcomelles.com\/?p=1704"},"modified":"2025-09-15T10:40:33","modified_gmt":"2025-09-15T10:40:33","slug":"la-plaga-v-del-confinamiento","status":"publish","type":"post","link":"https:\/\/josepmcomelles.com\/es\/la-plaga-v-del-confinamiento\/","title":{"rendered":"La Plaga V. Del confinamiento"},"content":{"rendered":"<p>Hace unas semanas, al principio de la pandemia d\u00edas escrib\u00ed, en mi muro, un texto relativamente largo tratando de explicar las razones que avalaban el confinamiento en situaciones epid\u00e9micas a partir de una serie de criterios culturales y t\u00e9cnicos cuyas ra\u00edces se encuentran en la Edad Media. Acababa de confinarse la subcomarca de Igualada y, en Catalu\u00f1a, esper\u00e1bamos todos el cierre de las zonas en donde el riesgo era mayor, no solo Madrid, sino tambi\u00e9n Catalu\u00f1a y el Pais Vasco. Durante una quincena, a pesar del diluvio de contagios y de defunciones parec\u00eda como si se tratase de un capricho del Presidente de la Generalitat. No hac\u00eda falta ser Torra para comprender, desde una mirada cr\u00edtica que el confinamiento era la \u00fanica medida sensata y no, un estado de alarma con mas agujeros que un colador como lo prueban las miles de sanciones que la fuerza p\u00fablica ha tenido que aplicar. Colador que los testigos directos desde observatorios locales ratificaban d\u00eda a d\u00eda en los\u00a0<em>social media<\/em>\u00a0y en los medios de comunicaci\u00f3n social.<\/p>\n<p>El Gobierno del Estado, tuvo que reconocer, a rega\u00f1adientes, que hab\u00eda que confinar para evitar que miles de trabajadores se viesen obligados a jug\u00e1rsela en trenes, transportes o en sus puestos de trabajo porque se trataba de un confinamiento parcial. Dada la situaci\u00f3n econ\u00f3mica dram\u00e1tica y el grado de indigencia presupuestaria del Estado, se aprovech\u00f3 el periodo vacacional de Semana Santa para encerrar a casi todo el mundo. No se cont\u00f3 que habr\u00eda y los hubo numerosos intentos de traslados a las residencias secundarias cercanas a las \u00e1reas metroppolitanas de la ciudades. Se confin\u00f3 radicalmente Baleares pese a estar afirmando desde el principio que no era cosa de territorios, como si la frontera portuguesa, la francesa y la andorrana no existiesen. Sin en la foto de portada est\u00e1n los datos oficiales del Ministerio de Sanidad de fecha 15 de abril, las previsiones que hac\u00edan quines trabajan con modelos predictivos de epidemiolog\u00eda matem\u00e1tica a finales de eran las que siguen, cuando los t\u00e9cnicos insist\u00edan en el confinamiento.<\/p>\n<p><img loading=\"lazy\" decoding=\"async\" class=\"wp-image-1709 size-full alignleft\" src=\"https:\/\/josepmcomelles.com\/wp-content\/uploads\/2020\/04\/mapa2ok.jpg\" alt=\"\" width=\"600\" height=\"481\" srcset=\"https:\/\/josepmcomelles.com\/wp-content\/uploads\/2020\/04\/mapa2ok.jpg 600w, https:\/\/josepmcomelles.com\/wp-content\/uploads\/2020\/04\/mapa2ok-300x241.jpg 300w\" sizes=\"(max-width: 600px) 100vw, 600px\" \/><\/p>\n<p class=\"uk-text-small\">La previsi\u00f3n de los epidemi\u00f3logos de la URV y la UZ a 28 de febrero de 2020. Fuente:\u00a0<em>Redacci\u00f3n m\u00e9dica<\/em><\/p>\n<p>Por razones ideol\u00f3gicas, hasta que alguien con dos dedos de frente, me de una raz\u00f3n alternativa \u2013 la econ\u00f3mica no ha sido seguramente la fundamental, aunque si las presiones de determinados\u00a0<em>lobbys<\/em>-, no se confinaron las comunidades aut\u00f3nomas que estaban de acuerdo con ello. Y sin embargo la geograf\u00eda de la pandemia, en la Pen\u00ednsula Ib\u00e9rica muestra unos rasgos diferenciales absolutamente notables. La vieja N-II desde la Junquera a Madrid agrupa las zonas de m\u00e1s incidencia y la N-I hasta Euskadi lo mismo con el epicentro madrile\u00f1o. El resto del territorio muestra puntos \u00e1lgidos en la ciudades y zonas con muy poca incidencia all\u00ed donde la densidad de poblaci\u00f3n es m\u00e1s baja. Estamos hablando de territorios, no de ciudadanos y en un pa\u00eds auton\u00f3mico, el conocimiento local en temas de salud enfermedad y atenci\u00f3n corresponde a las CCAA que lo gestionan desde hace cuatro d\u00e9cadas en las primeras y dos en las que recibieron las competencias a principios del s.XXI. Pretender por parte de un Ministerio de Sanidad canijo y con funciones de coordinaci\u00f3n que eso funcione era y es una utop\u00eda.<\/p>\n<p>Tenemos un sistema de salud, afortunadamente muy descentralizado, porque permite que en regiones con problem\u00e1ticas muy distintas hayan desplegado dispositivos que con mayor o menor ajuste resolviesen y se adaptasen a los problemas locales de acceso no equitativo a los servicios que nos dej\u00f3 la herencia de la beneficencia provincial y del Instituto Nacional de Previsi\u00f3n franquista hasta la Ley de Sanidad del 1986 y las transferencias alas CCAA. Por eso ahora hay hospitales comarcales que han aportado una contribuci\u00f3n decisiva a atajar los efectos cl\u00ednicos de la pandemia y unas redes modestas \u2013 si, modestas -, de atenci\u00f3n primaria que est\u00e1n haciendo una labor ingente para la que no estaban dimensionadas, de atenci\u00f3n a la pandemia y a la continuidad de cuidados de las otras patolog\u00edas, que no han dejado de existir. Un dispositivo, eficiente, que ha puesto de relieve la calidad profesional de sus trabajadores y su capacidad resolutiva en una situaci\u00f3n dram\u00e1tica.<\/p>\n<p><img loading=\"lazy\" decoding=\"async\" class=\"wp-image-1708  alignleft\" src=\"https:\/\/josepmcomelles.com\/wp-content\/uploads\/2020\/04\/covid-ap-datos-espana-p1-1-1024x724-1-1.jpg\" alt=\"\" width=\"580\" height=\"410\" srcset=\"https:\/\/josepmcomelles.com\/wp-content\/uploads\/2020\/04\/covid-ap-datos-espana-p1-1-1024x724-1-1.jpg 1024w, https:\/\/josepmcomelles.com\/wp-content\/uploads\/2020\/04\/covid-ap-datos-espana-p1-1-1024x724-1-1-300x212.jpg 300w, https:\/\/josepmcomelles.com\/wp-content\/uploads\/2020\/04\/covid-ap-datos-espana-p1-1-1024x724-1-1-768x543.jpg 768w\" sizes=\"(max-width: 580px) 100vw, 580px\" \/><\/p>\n<p class=\"uk-text-small\">Actividad asistencial de m\u00e9dicos de familia (no constan otros profesionales involucrados). Fuente Semfyc, 11 de Abril de 2020<\/p>\n<p>He escrito al respecto en distintas ocasiones en estos d\u00edas intentando poner sensatez y sentido com\u00fan, con el objeto que quienes me lean puedan tener un balance cr\u00edtico de la situaci\u00f3n. Dije que esperaba equivocarme en algunos de mis pron\u00f3sticos. Lamentablemente no ha sido as\u00ed y el n\u00famero de contagiados y, lo que es peor de defunciones, no ha hecho m\u00e1s que aumentar. La comparaci\u00f3n entre Corea del Sur y Espa\u00f1a en la gesti\u00f3n de la pandemia permite un contraste demoledor. Corea gestion\u00f3 en t\u00e9rminos de primer mundo y Espa\u00f1a no. De la econom\u00eda pol\u00edtica del dispositivo sanitario en Espa\u00f1a tengo un cierto conocimiento, de que los profesionales de la sanidad p\u00fablica del pa\u00eds tienen un nivel envidiable tambi\u00e9n. No haber escuchado a los t\u00e9cnicos y explicado razonablemente al pa\u00eds qu\u00e9 deb\u00eda hacerse nos ha llevado hoy a andar c\u00f3mo la vaca ciega que va topando con los \u00e1rboles a los que no ve. El problema es que la vaca, en teor\u00eda, no esta ciega.<\/p>\n","protected":false},"excerpt":{"rendered":"<p>Hace unas semanas, al principio de la pandemia d\u00edas escrib\u00ed, en mi muro, un texto relativamente largo tratando de explicar las razones que avalaban el confinamiento en situaciones epid\u00e9micas a partir de una serie de criterios culturales y t\u00e9cnicos cuyas ra\u00edces se encuentran en la Edad Media.<\/p>\n","protected":false},"author":1,"featured_media":1706,"comment_status":"open","ping_status":"open","sticky":false,"template":"","format":"standard","meta":{"_acf_changed":false,"footnotes":""},"categories":[3,3,14,14,3,171,172,172,172,14],"tags":[22,343,316,336],"class_list":{"0":"post-1704","1":"post","2":"type-post","3":"status-publish","4":"format-standard","5":"has-post-thumbnail","6":"hentry","7":"category-antropologia-medica","9":"category-el-davantal-del-covid19","12":"category-salut","13":"category-societat-i-cultura","17":"tag-antropologia-medica","18":"tag-autoatencio","19":"tag-covid19","20":"tag-pandemia"},"acf":[],"jetpack_featured_media_url":"https:\/\/josepmcomelles.com\/wp-content\/uploads\/2020\/04\/espac3b1a14abril.png","_links":{"self":[{"href":"https:\/\/josepmcomelles.com\/es\/wp-json\/wp\/v2\/posts\/1704","targetHints":{"allow":["GET"]}}],"collection":[{"href":"https:\/\/josepmcomelles.com\/es\/wp-json\/wp\/v2\/posts"}],"about":[{"href":"https:\/\/josepmcomelles.com\/es\/wp-json\/wp\/v2\/types\/post"}],"author":[{"embeddable":true,"href":"https:\/\/josepmcomelles.com\/es\/wp-json\/wp\/v2\/users\/1"}],"replies":[{"embeddable":true,"href":"https:\/\/josepmcomelles.com\/es\/wp-json\/wp\/v2\/comments?post=1704"}],"version-history":[{"count":7,"href":"https:\/\/josepmcomelles.com\/es\/wp-json\/wp\/v2\/posts\/1704\/revisions"}],"predecessor-version":[{"id":2626,"href":"https:\/\/josepmcomelles.com\/es\/wp-json\/wp\/v2\/posts\/1704\/revisions\/2626"}],"wp:featuredmedia":[{"embeddable":true,"href":"https:\/\/josepmcomelles.com\/es\/wp-json\/wp\/v2\/media\/1706"}],"wp:attachment":[{"href":"https:\/\/josepmcomelles.com\/es\/wp-json\/wp\/v2\/media?parent=1704"}],"wp:term":[{"taxonomy":"category","embeddable":true,"href":"https:\/\/josepmcomelles.com\/es\/wp-json\/wp\/v2\/categories?post=1704"},{"taxonomy":"post_tag","embeddable":true,"href":"https:\/\/josepmcomelles.com\/es\/wp-json\/wp\/v2\/tags?post=1704"}],"curies":[{"name":"wp","href":"https:\/\/api.w.org\/{rel}","templated":true}]}}