{"id":654,"date":"2014-05-08T12:35:00","date_gmt":"2014-05-08T12:35:00","guid":{"rendered":"https:\/\/josepmcomelles.com\/?p=654"},"modified":"2025-03-01T18:25:39","modified_gmt":"2025-03-01T18:25:39","slug":"memoria-fertil","status":"publish","type":"post","link":"https:\/\/josepmcomelles.com\/en\/memoria-fertil\/","title":{"rendered":"Joan Frigol\u00e9 i la mem\u00f2ria fertil"},"content":{"rendered":"\r\n<p>Vaig coneixer en Joan Frigol\u00e9 fa uns quaranta anys. He estat sempre una persona timida i, aleshores, un xicotet com jo coneixia uns companys que tenien uns quatre o cinc anys m\u00e9s que jo, per\u00f3 que encara els veia com homenots, amb la mirada de l&#8217;estudiant \u00e0vid de con\u00e8ixer. Havien publicat a <i>Ethnica<\/i> i aix\u00f3 per un estudiantet d&#8217;antropologia que feia a mes de metge, era com si publiquessin al <i>Lancet<\/i>. Rebies la revista, la tocaves, la obries&#8230; En els temps que el vaig coneixer en Joan va ser recl\u00f3s a l&#8217;Hotel Enten\u00e7a (la Model&#8230;). Encara impressionava mes. Vaig creixer una mica, en Joan va sortir del <i>talego<\/i> i el vaig retrobar al seminari que va fer el Bryan Roberts al <i>Centro de Etnologia Peninsular<\/i>. Amb la seva veu sempre carinyosa va sugerir-me que per el que jo volia fer la noci\u00f3 de <i>social network<\/i> (vaja, les xarxes socials d&#8217;ara) podia ser una eina \u00fatil per mi. Consell associat amb bibliografia brit\u00e1nica, que per mor de la \u00e9poca, la comprava a la <i>PUF Internationale<\/i> de Paris, al Boulevard Saint Michel en un dels dos viatges annuals que hi feia aprofitant la opul\u00e8ncia que representava aleshores la beca de resident a l&#8217;Hospital de Sant Pau &#8211; al manicomi &#8211; i el sou formal com a <i>M\u00e9dico interino del Servicio ordinario de urgencias de la Seguridad Social. Social networks<\/i> i Joan Frigol\u00e9. Qu\u00e9 seria de la meva carrera posterior sense aquest consell accidental, als passadissos de Egipciaques&#8230;<\/p>\r\n<figure id=\"attachment_1505\" aria-describedby=\"caption-attachment-1505\" style=\"width: 2816px\" class=\"wp-caption aligncenter\"><a href=\"https:\/\/josepmcomelles.com\/wp-content\/uploads\/2014\/05\/Brandes-Prat-Frigole-Commie.tiff\"><img loading=\"lazy\" decoding=\"async\" class=\"wp-image-1505 size-full\" src=\"https:\/\/josepmcomelles.com\/wp-content\/uploads\/2014\/05\/Brandes-Prat-Frigole-Commie.tiff\" alt=\"\" width=\"2816\" height=\"1880\" \/><\/a><figcaption id=\"caption-attachment-1505\" class=\"wp-caption-text\">D&#8217;esquerra a dreta Josep M.Comelles, Joan Prat, Joan Frigol\u00e9 i Stanley Brandes. Tarragona desembre de 1982<\/figcaption><\/figure>\r\n<p>Ens hem anat veient durant quaranta anys, va estar en el meu tribunal d&#8217;oposicions, he llegit els seus escrits. Ara en plena hegemonia de les xarxes socials es jubila&#8230; formalment&#8230; jo crec que molts de nosaltres morirem con <i>las botas puestas<\/i> i no precisament a Balaclava. No podia ser absent de l&#8217;acte d&#8217;homenatge que li van organitzar els companys. Per la meva timidesa no vaig gosar desembarcar amb c\u00e0mera i tr\u00edpode . la meva tafaneria va fer-me, per\u00f3, treure de la butxaca l&#8217;iPhone i des de la cadira un fa el que pot i \u00e9s el que podeu veure&#8230;<\/p>\r\n<p>En aquest actes, que comencen a ser freq\u00fcents, acabo en una esp\u00e8cie de tr\u00e0nsit de mem\u00f2ria, m&#8217;abstrec dels parlaments i les an\u00e8cdotes del passat es fan presents. An\u00e8cdotes menudes &#8211; o no tan menudes &#8211; com les dels <i>social networks<\/i>. Atzar i amistat que canvien la teva vida i com a l&#8217;heroi del conte et donen un cabdell de fil perque el deixis anar i el segueixis fins al teu dest\u00ed. i de tant en tant recordes amb emoci\u00f3 qui va donar-t&#8217;el.<\/p>\r\n\r\n\r\n\r\n<p><iframe loading=\"lazy\" title=\"Homenatge a Joan Frigol\u00e9 a la UB amb motiu de la seva jubilaci\u00f3\" src=\"https:\/\/player.vimeo.com\/video\/93972945?badge=0&amp;autopause=0&amp;player_id=0&amp;app_id=58479\" width=\"1280\" height=\"720\" frameborder=\"0\" uk-responsive=\"\"><\/iframe><\/p>\r\n\r\n\r\n\r\n<p>&nbsp;<\/p>\r\n","protected":false},"excerpt":{"rendered":"<p>Vaig coneixer en Joan Frigol\u00e9 fa uns quaranta anys. He estat sempre una persona timida i, aleshores, un xicotet com jo coneixia uns companys que tenien uns quatre o cinc anys m\u00e9s que jo, per\u00f3 que encara els veia com homenots, amb la mirada de l&#8217;estudiant \u00e0vid de con\u00e8ixer.<\/p>\n","protected":false},"author":1,"featured_media":660,"comment_status":"open","ping_status":"open","sticky":false,"template":"","format":"standard","meta":{"_acf_changed":false,"footnotes":""},"categories":[46,7,13,172],"tags":[177,84,131,265],"class_list":["post-654","post","type-post","status-publish","format-standard","has-post-thumbnail","hentry","category-antropologia","category-historia-i-histories","category-obituarios-y-memorias","category-societat-i-cultura","tag-antropolegs","tag-catalunya","tag-historia","tag-universitat-de-barcelona"],"acf":[],"jetpack_featured_media_url":"https:\/\/josepmcomelles.com\/wp-content\/uploads\/2014\/05\/memoria_fertil_1.jpg","_links":{"self":[{"href":"https:\/\/josepmcomelles.com\/en\/wp-json\/wp\/v2\/posts\/654","targetHints":{"allow":["GET"]}}],"collection":[{"href":"https:\/\/josepmcomelles.com\/en\/wp-json\/wp\/v2\/posts"}],"about":[{"href":"https:\/\/josepmcomelles.com\/en\/wp-json\/wp\/v2\/types\/post"}],"author":[{"embeddable":true,"href":"https:\/\/josepmcomelles.com\/en\/wp-json\/wp\/v2\/users\/1"}],"replies":[{"embeddable":true,"href":"https:\/\/josepmcomelles.com\/en\/wp-json\/wp\/v2\/comments?post=654"}],"version-history":[{"count":10,"href":"https:\/\/josepmcomelles.com\/en\/wp-json\/wp\/v2\/posts\/654\/revisions"}],"predecessor-version":[{"id":1535,"href":"https:\/\/josepmcomelles.com\/en\/wp-json\/wp\/v2\/posts\/654\/revisions\/1535"}],"wp:featuredmedia":[{"embeddable":true,"href":"https:\/\/josepmcomelles.com\/en\/wp-json\/wp\/v2\/media\/660"}],"wp:attachment":[{"href":"https:\/\/josepmcomelles.com\/en\/wp-json\/wp\/v2\/media?parent=654"}],"wp:term":[{"taxonomy":"category","embeddable":true,"href":"https:\/\/josepmcomelles.com\/en\/wp-json\/wp\/v2\/categories?post=654"},{"taxonomy":"post_tag","embeddable":true,"href":"https:\/\/josepmcomelles.com\/en\/wp-json\/wp\/v2\/tags?post=654"}],"curies":[{"name":"wp","href":"https:\/\/api.w.org\/{rel}","templated":true}]}}