{"id":200,"date":"2009-09-16T19:31:00","date_gmt":"2009-09-16T19:31:00","guid":{"rendered":"https:\/\/josepmcomelles.com\/?p=200"},"modified":"2025-03-01T11:30:33","modified_gmt":"2025-03-01T11:30:33","slug":"tuberculosis-y-gripe-porcina-a","status":"publish","type":"post","link":"https:\/\/josepmcomelles.com\/en\/tuberculosis-y-gripe-porcina-a\/","title":{"rendered":"La Tuberculosis y la gripe (porcina) A en 2009"},"content":{"rendered":"\r\n<p>He recibido, a trav\u00e9s de REDAM, este video que pone los puntos sobre las \u00edes de un modo muy gr\u00e1fico e impactante sobre como se construyen hoy en d\u00eda &#8220;las amenazas&#8221;. Aunque el trabajo se basa en las estad\u00edsticas de la OMS (WHO), basta que se consulten los boletines epidemiol\u00f3gicos de nuestras CCAA para comprobar cu\u00e1l es a principios del s.XXI. la incidencia de la tuberculosis en la Iberia post-moderna. Y no es un hecho nuevo. Conviene ver a qui\u00e9n afecta la infecci\u00f3n f\u00edmica para comprender por qu\u00e9 no tiene ning\u00fan inter\u00e9s medi\u00e1tico al lado de la Gripe Porcina, el Alzheimer, la fibromialgia, la fatiga cr\u00f3nica o los trastornos de la conducta alimentaria. Pero de esto ni Trini ni Marina dicen ni p\u00edo&#8230;<\/p>\r\n\r\n\r\n\r\n<p><iframe loading=\"lazy\" title=\"YouTube video player\" src=\"https:\/\/www.youtube.com\/embed\/V8bUtbODV-Q?si=fZsutS1p7sCSEYIJ\" width=\"1200\" height=\"675\" frameborder=\"0\" allowfullscreen=\"allowfullscreen\" uk-responsive=\"\"><\/iframe><\/p>\r\n","protected":false},"excerpt":{"rendered":"<p>He recibido, a trav\u00e9s de REDAM, este video que pone los puntos sobre las \u00edes de un modo muy gr\u00e1fico e impactante sobre como se construyen hoy en d\u00eda &#8220;las amenazas&#8221;.<\/p>\n","protected":false},"author":1,"featured_media":1087,"comment_status":"open","ping_status":"open","sticky":false,"template":"","format":"standard","meta":{"_acf_changed":false,"footnotes":""},"categories":[3,171,172],"tags":[28,131,178],"class_list":["post-200","post","type-post","status-publish","format-standard","has-post-thumbnail","hentry","category-antropologia-medica","category-salut","category-societat-i-cultura","tag-epidemiologia","tag-historia","tag-medicina"],"acf":[],"jetpack_featured_media_url":"https:\/\/josepmcomelles.com\/wp-content\/uploads\/2009\/09\/COVID-19_Coronavirus_Girl_in_mask.jpg","_links":{"self":[{"href":"https:\/\/josepmcomelles.com\/en\/wp-json\/wp\/v2\/posts\/200","targetHints":{"allow":["GET"]}}],"collection":[{"href":"https:\/\/josepmcomelles.com\/en\/wp-json\/wp\/v2\/posts"}],"about":[{"href":"https:\/\/josepmcomelles.com\/en\/wp-json\/wp\/v2\/types\/post"}],"author":[{"embeddable":true,"href":"https:\/\/josepmcomelles.com\/en\/wp-json\/wp\/v2\/users\/1"}],"replies":[{"embeddable":true,"href":"https:\/\/josepmcomelles.com\/en\/wp-json\/wp\/v2\/comments?post=200"}],"version-history":[{"count":8,"href":"https:\/\/josepmcomelles.com\/en\/wp-json\/wp\/v2\/posts\/200\/revisions"}],"predecessor-version":[{"id":1597,"href":"https:\/\/josepmcomelles.com\/en\/wp-json\/wp\/v2\/posts\/200\/revisions\/1597"}],"wp:featuredmedia":[{"embeddable":true,"href":"https:\/\/josepmcomelles.com\/en\/wp-json\/wp\/v2\/media\/1087"}],"wp:attachment":[{"href":"https:\/\/josepmcomelles.com\/en\/wp-json\/wp\/v2\/media?parent=200"}],"wp:term":[{"taxonomy":"category","embeddable":true,"href":"https:\/\/josepmcomelles.com\/en\/wp-json\/wp\/v2\/categories?post=200"},{"taxonomy":"post_tag","embeddable":true,"href":"https:\/\/josepmcomelles.com\/en\/wp-json\/wp\/v2\/tags?post=200"}],"curies":[{"name":"wp","href":"https:\/\/api.w.org\/{rel}","templated":true}]}}