{"id":1713,"date":"2020-04-17T07:57:01","date_gmt":"2020-04-17T07:57:01","guid":{"rendered":"https:\/\/josepmcomelles.com\/?p=1713"},"modified":"2025-09-15T10:36:21","modified_gmt":"2025-09-15T10:36:21","slug":"el-davantal","status":"publish","type":"post","link":"https:\/\/josepmcomelles.com\/en\/el-davantal\/","title":{"rendered":"El davantal"},"content":{"rendered":"<p>A instancias de algunos vecinos de mi pueblo, pensamos que pod\u00eda ser \u00fatil organizar un foro de discusi\u00f3n, para que se pudiese preguntar sobre la pandemia, para aclarar conceptos en ocasiones, para recoger sugerencias y muchas cosas mas. Se abri\u00f3 el foro en un contexto en que a los profesionales sanitarios de Creixell, que dependen de la Xarxa Santa tecla y no viven en el pueblo, les concentraron en el edificio central del Area B\u00e0sica de Salut a la que Creixell pertenece i que se halla ubicada en Torredembarra, a unos cuatro kil\u00f3metros por la N-340. La dotaci\u00f3n de dos m\u00e9dicas \u2013 una tiempo completo y otra a tiempo parcial, dos enfermeras y una administrativa atienden telef\u00f3nica o domiciliariamente los casos relacionados con el covid19, pero el consultorio del pueblo est\u00e1 cerrado.<\/p>\n<p><img loading=\"lazy\" decoding=\"async\" class=\"alignnone wp-image-1717 size-full\" src=\"https:\/\/josepmcomelles.com\/wp-content\/uploads\/2020\/04\/3832221master.jpg\" alt=\"\" width=\"1600\" height=\"1200\" srcset=\"https:\/\/josepmcomelles.com\/wp-content\/uploads\/2020\/04\/3832221master.jpg 1600w, https:\/\/josepmcomelles.com\/wp-content\/uploads\/2020\/04\/3832221master-300x225.jpg 300w, https:\/\/josepmcomelles.com\/wp-content\/uploads\/2020\/04\/3832221master-1024x768.jpg 1024w, https:\/\/josepmcomelles.com\/wp-content\/uploads\/2020\/04\/3832221master-768x576.jpg 768w, https:\/\/josepmcomelles.com\/wp-content\/uploads\/2020\/04\/3832221master-1536x1152.jpg 1536w\" sizes=\"(max-width: 1600px) 100vw, 1600px\" \/><\/p>\n<p class=\"uk-text-small\">El CAP de Torredembarra<\/p>\n<p>Ante esta situaci\u00f3n decid\u00ed que pod\u00eda aportar desde mi campo de especialidad, la antropolog\u00eda m\u00e9dica, una serie de explicaciones y de reflexiones que permitiesen, por una parte, aclarar conceptos y dudas, abrir debates y recoger iniciativas. Poco a poco me compromet\u00ed a escribir diariamente \u2013 por ahora- lo que titul\u00e9\u00a0<em>El Davantal del Commie<\/em>\u00a0\u2013 el apodo con que me conocen mis amigos -, recuperando el t\u00edtulo de los editoriales de los magazines radiof\u00f3nicos o la mancheta de primera p\u00e1gina de la prensa escrita. Llevo escritos once y se me ha sugerido que los traslade a mi blog. Hasta ahora su difusi\u00f3n se ha hecho via\u00a0<em>whatsapp<\/em>\u00a0i via\u00a0<em>facebook<\/em>. Los davantals est\u00e1n escritos, naturalmente en catal\u00e1n, pero los lectores disponen de un comando en cada p\u00e1gina para su traducci\u00f3n. La traducci\u00f3n castellano\/catalan y vice-versa de Google es actualmente excelente, de hecho la prensa biling\u00fce utiliza estos recursos que luego, los correctores de estilo repasan. No creo que sea un problema. Asimismo la traducci\u00f3n del catal\u00e1n al ingl\u00e9s suele resultar suficiente para entender el texto.<\/p>\n<p>Trasladar los davantals al blog, significa un trabajo extra. Reviso el texto, elimino determinadas cosas que son muy locales, puedo incluir im\u00e1genes y desarrollar un poco m\u00e1s los textos originales. Sin embargo voy a conservar muy estrictamente el estilo destinado a vecinos y amigos que no son acad\u00e9micos. Algunas veces se me ha ido la mano, pero trato de controlarme.<\/p>\n<p>La cadencia de publicaci\u00f3n de los\u00a0<em>Davantals\u00a0<\/em>en el blog no va a ser el mismo d\u00eda en que lo cuelgo. Dejar\u00e9 pasar un tiempo. Los pr\u00f3ximos d\u00edas colgar\u00e9 cada d\u00eda uno o dos por orden de aparici\u00f3n. Una vez regularizado dejar\u00e9 pasar un par de d\u00edas entre la redacci\u00f3n y la difusi\u00f3n y el blog.<\/p>\n","protected":false},"excerpt":{"rendered":"<p>A instancias de algunos vecinos de mi pueblo, pensamos que pod\u00eda ser \u00fatil organizar un foro de discusi\u00f3n, para que se pudiese preguntar sobre la pandemia, para aclarar conceptos en ocasiones, para recoger sugerencias y muchas cosas mas.<\/p>\n","protected":false},"author":1,"featured_media":1715,"comment_status":"open","ping_status":"open","sticky":false,"template":"","format":"standard","meta":{"_acf_changed":false,"footnotes":""},"categories":[14,14,171,12,12,12,171,171,172,172,172,14],"tags":[316,279,317,318],"class_list":{"0":"post-1713","1":"post","2":"type-post","3":"status-publish","4":"format-standard","5":"has-post-thumbnail","6":"hentry","7":"category-el-davantal-del-covid19","9":"category-salut","10":"category-politiques","15":"category-societat-i-cultura","19":"tag-covid19","20":"tag-historia-medicina","21":"tag-memories","22":"tag-politiques-publiques"},"acf":[],"jetpack_featured_media_url":"https:\/\/josepmcomelles.com\/wp-content\/uploads\/2020\/04\/dsc00237-scaled.webp","_links":{"self":[{"href":"https:\/\/josepmcomelles.com\/en\/wp-json\/wp\/v2\/posts\/1713","targetHints":{"allow":["GET"]}}],"collection":[{"href":"https:\/\/josepmcomelles.com\/en\/wp-json\/wp\/v2\/posts"}],"about":[{"href":"https:\/\/josepmcomelles.com\/en\/wp-json\/wp\/v2\/types\/post"}],"author":[{"embeddable":true,"href":"https:\/\/josepmcomelles.com\/en\/wp-json\/wp\/v2\/users\/1"}],"replies":[{"embeddable":true,"href":"https:\/\/josepmcomelles.com\/en\/wp-json\/wp\/v2\/comments?post=1713"}],"version-history":[{"count":5,"href":"https:\/\/josepmcomelles.com\/en\/wp-json\/wp\/v2\/posts\/1713\/revisions"}],"predecessor-version":[{"id":2624,"href":"https:\/\/josepmcomelles.com\/en\/wp-json\/wp\/v2\/posts\/1713\/revisions\/2624"}],"wp:featuredmedia":[{"embeddable":true,"href":"https:\/\/josepmcomelles.com\/en\/wp-json\/wp\/v2\/media\/1715"}],"wp:attachment":[{"href":"https:\/\/josepmcomelles.com\/en\/wp-json\/wp\/v2\/media?parent=1713"}],"wp:term":[{"taxonomy":"category","embeddable":true,"href":"https:\/\/josepmcomelles.com\/en\/wp-json\/wp\/v2\/categories?post=1713"},{"taxonomy":"post_tag","embeddable":true,"href":"https:\/\/josepmcomelles.com\/en\/wp-json\/wp\/v2\/tags?post=1713"}],"curies":[{"name":"wp","href":"https:\/\/api.w.org\/{rel}","templated":true}]}}