{"id":1648,"date":"2020-03-21T14:18:06","date_gmt":"2020-03-21T14:18:06","guid":{"rendered":"https:\/\/josepmcomelles.com\/?p=1648"},"modified":"2025-09-15T10:51:46","modified_gmt":"2025-09-15T10:51:46","slug":"la-plaga-i","status":"publish","type":"post","link":"https:\/\/josepmcomelles.com\/en\/la-plaga-i\/","title":{"rendered":"La plaga (I)"},"content":{"rendered":"<p>La pres\u00e8ncia, entre nosaltres de la plaga \u2013 la pesta, el loim\u00f3s,<em>\u00a0the plague<\/em>-, es un bon moment per ocupar-se i reflexionar en veu alta sobre temes dels que vinc ocupant-me des de fa uns 45 anys. Els antrop\u00f2legs i els historiadors de la ciencia i tamb\u00e9 els historiadors generals han fet objecte dels seus interessos. la meva col\u00b7lega Coral Cuadrada en va fer una magn\u00edfica aproximaci\u00f3 fa uns anys.<\/p>\n<p><img loading=\"lazy\" decoding=\"async\" class=\"wp-image-1652  alignleft\" src=\"https:\/\/josepmcomelles.com\/wp-content\/uploads\/2025\/04\/81emg2kwdsl.webp\" alt=\"\" width=\"475\" height=\"678\" srcset=\"https:\/\/josepmcomelles.com\/wp-content\/uploads\/2025\/04\/81emg2kwdsl.webp 1434w, https:\/\/josepmcomelles.com\/wp-content\/uploads\/2025\/04\/81emg2kwdsl-210x300.webp 210w, https:\/\/josepmcomelles.com\/wp-content\/uploads\/2025\/04\/81emg2kwdsl-717x1024.webp 717w, https:\/\/josepmcomelles.com\/wp-content\/uploads\/2025\/04\/81emg2kwdsl-768x1097.webp 768w, https:\/\/josepmcomelles.com\/wp-content\/uploads\/2025\/04\/81emg2kwdsl-1076x1536.webp 1076w\" sizes=\"(max-width: 475px) 100vw, 475px\" \/><\/p>\n<p>Pero hi ha algun cl\u00e0ssic que pot veinir be perque relaciona els canvis econ\u00f3mics i culturals amb les diferents epid\u00e8mies de l\u2019hist\u00f2ria de la Humanitat. Es un llibre, com el de la Coral, extremadament bonic.<\/p>\n<p><img loading=\"lazy\" decoding=\"async\" class=\"wp-image-1651  alignright\" src=\"https:\/\/josepmcomelles.com\/wp-content\/uploads\/2025\/04\/71a49idhp1l.jpg\" alt=\"\" width=\"651\" height=\"1009\" srcset=\"https:\/\/josepmcomelles.com\/wp-content\/uploads\/2025\/04\/71a49idhp1l.jpg 1002w, https:\/\/josepmcomelles.com\/wp-content\/uploads\/2025\/04\/71a49idhp1l-194x300.jpg 194w, https:\/\/josepmcomelles.com\/wp-content\/uploads\/2025\/04\/71a49idhp1l-661x1024.jpg 661w, https:\/\/josepmcomelles.com\/wp-content\/uploads\/2025\/04\/71a49idhp1l-768x1190.jpg 768w, https:\/\/josepmcomelles.com\/wp-content\/uploads\/2025\/04\/71a49idhp1l-991x1536.jpg 991w\" sizes=\"(max-width: 651px) 100vw, 651px\" \/><\/p>\n<p>La situaci\u00f3 actual te prou elements comuns amb el que, en el passat, van haver de resoldre primer les\u00a0<em>res publica<\/em> locals, els municipis, i des del segle XIX les autoritats sanitaries dels estats. Es tracta no d\u2019un problema de salut individual, sin\u00f3 d\u2019un problema de \u00absalut col\u00b7lectiva\u00bb -un terme que no es exactament el mateix que el de salut p\u00fablica-. \u00abSalut col\u00b7lectiva\u00bb remet a la idea que les col\u00b7lectivitats humanes, com a tals hem d\u2019assumir la responsabilitat, no \u00fanicament sobre el nostre cos, sino sobre les col\u00b7lectivitats en que estem inmersos. En la mesura que la nostra mem\u00f2ria col\u00b7lectiva de pand\u00e9mies al que nomenen Occident, s\u00f3n les dues grips, la espanyola de 1918 amb una mortalitat esfereidora<\/p>\n<p><img loading=\"lazy\" decoding=\"async\" class=\"alignnone wp-image-1654 size-full\" src=\"https:\/\/josepmcomelles.com\/wp-content\/uploads\/2025\/04\/a10f6.jpg\" alt=\"\" width=\"656\" height=\"462\" srcset=\"https:\/\/josepmcomelles.com\/wp-content\/uploads\/2025\/04\/a10f6.jpg 656w, https:\/\/josepmcomelles.com\/wp-content\/uploads\/2025\/04\/a10f6-300x211.jpg 300w\" sizes=\"(max-width: 656px) 100vw, 656px\" \/><\/p>\n<p>i la asi\u00e0tica de 1956-7.<\/p>\n<p><img loading=\"lazy\" decoding=\"async\" class=\"wp-image-1655 size-full alignleft\" src=\"https:\/\/josepmcomelles.com\/wp-content\/uploads\/2025\/04\/unnamed.jpg\" alt=\"\" width=\"366\" height=\"512\" srcset=\"https:\/\/josepmcomelles.com\/wp-content\/uploads\/2025\/04\/unnamed.jpg 366w, https:\/\/josepmcomelles.com\/wp-content\/uploads\/2025\/04\/unnamed-214x300.jpg 214w\" sizes=\"(max-width: 366px) 100vw, 366px\" \/><\/p>\n<p>Haviem perdut la consci\u00e8ncia d\u2019aquest tipus d\u2019amena\u00e7a i de la nostra responsabilitat com a grups humans. Malgrat pel\u00b7licules de \u00e8xit com\u00a0<a href=\"https:\/\/www.imdb.com\/title\/tt0114069\/?ref_=nv_sr_srsg_0\">Outbreak<\/a>\u00a0(1995) i les crisis posteriors localitzades o relativament localitzades com les \u00abvaques bojes\u00bb o el SARS havien quedat relativament confinades. El Ebola menja a part en la mesura que aix\u00f3 d\u2019Africa est\u00e0 molt lluny i no afectava obviament als mercats financers. La generalitzaci\u00f3 de les assegurances socials ho ha afavorit probablement.\u00a0Aix\u00f3 ha donat lloc a una serie de publicacions recents i anteriors a la crisi pero que posen de relleu l\u2019inter\u00e8s dels antrop\u00f2legs pel tema.<\/p>\n<p>Lynteris, C. (2019). Human Extinction and the Pandemic Imaginary. In\u00a0<em>Human Extinction and the Pandemic Imaginary<\/em>.<br \/>\nRoutledge.\u00a0<a href=\"https:\/\/doi.org\/10.4324\/9780429322051\" rel=\"nofollow\">https:\/\/doi.org\/10.4324\/9780429322051<\/a><\/p>\n<p>Caduff, C. (2014). Pandemic prophecy, or how to have faith in reason.\u00a0<em>Current Anthropology<\/em>,\u00a0<em>55<\/em>(3), 296\u2013315.<br \/>\n<a href=\"https:\/\/doi.org\/10.1086\/676124\" rel=\"nofollow\">https:\/\/doi.org\/10.1086\/676124<\/a><\/p>\n<p>Caduff, C. (2018). After the next: Notes on serial novelty.\u00a0<em>Medicine Anthropology Theory | An Open-Access Journal in the Anthropology of Health, Illness, and Medicine<\/em>,\u00a0<em>5<\/em>(4), 86\u2013105.<br \/>\n<a href=\"https:\/\/doi.org\/10.17157\/mat.5.4.623\" rel=\"nofollow\">https:\/\/doi.org\/10.17157\/mat.5.4.623<\/a><\/p>\n<p>Fa una anys, la Fundaci\u00f3 Antoni Esteva ens va encarregar a Enrique Perdiguero i a mi un text sobre\u00a0<em>The walking dead<\/em>\u00a0i les epid\u00e8mies. La serie fou, en el seu moment novedosa en la mesura en que, en la primera temporada feia una especial insistensia en que es tractava d\u2019una crisi virica on un dels punts de refer\u00e8ncia era el CDC d\u2019Atlanta. No us resumir\u00e9 l\u2019article per\u00f2 c en teniu aci el link en castell\u00e0 i en angl\u00e9s<\/p>\n<p>Comelles, J. M., &amp; Perdiguero-Gil, E. (2016). The\u00a0<em>Walking Dead<\/em>\u00a0y el imaginario de la epidemia.\u00a0<em>Cuadernos de La Fundacion Dr. Antonio Esteve<\/em>,\u00a0<em>35<\/em>, 65\u201372 .<a href=\"https:\/\/www.raco.cat\/index.php\/QuadernsFDAE\/article\/view\/316972\">https:\/\/www.raco.cat\/index.php\/QuadernsFDAE\/article\/view\/316972<\/a><\/p>\n<p>Comelles, J. M., &amp; Perdiguero-Gil, E. (2017). The\u00a0<em>Walking dead\u00a0<\/em>and the collective Imaginary of Epidemics. In T. de la Torre (Ed.),\u00a0<em>Notebooks of the Esteve Foundation n. 42<\/em>\u00a0(Vol. 42, pp. 61\u201368).\u00a0<a href=\"http:\/\/www.esteve.org\/medicine-in-television-series\/\">http:\/\/www.esteve.org\/medicine-in-television-series\/<\/a><\/p>\n<p>L\u2019aparici\u00f3 de la plaga i el confinament a que estem sotmesos m\u2019ha permes fer una cosa a la que no estic massa acostumat. Escriure texts curts, no necess\u00e0riament period\u00edstics ni que siguin tampoc un diari. Ho he comen\u00e7at a fer a\u00a0<a href=\"https:\/\/www.facebook.com\/JMComelles\">Facebook<\/a>\u00a0. Te l\u2019avantatge de la inmediatesa i del\u00a0<em>feed-back<\/em>. A\u00a0<em>Facebook<\/em>\u00a0no vull posar imatges doncs la temptacio pot ser simplement comparti o posar un like i no llegir. Aqu\u00ed en canvi puc fer-ho d\u2019una manera m\u00e9s sofisticada, intentar\u00e9 que no massa acad\u00e9mica pero amb un pla molt diferent. La seir s\u2019anomenar\u00e1\u00a0<em>La Plaga<\/em>. Publicar\u00e9 indistintament en catal\u00e1 o castell\u00e0 pero teniu a sota un enlla\u00e7a amb el traductor.<\/p>\n","protected":false},"excerpt":{"rendered":"<p>La pres\u00e8ncia, entre nosaltres de la plaga \u2013 la pesta, el loim\u00f3s, the plague-, es un bon moment per ocupar-se i reflexionar en veu alta sobre temes dels que vinc ocupant-me des de fa uns 45 anys.<\/p>\n","protected":false},"author":1,"featured_media":1653,"comment_status":"open","ping_status":"open","sticky":false,"template":"","format":"standard","meta":{"_acf_changed":false,"footnotes":""},"categories":[3,3,14,14,171,3,12,171,171,172,172,172,14],"tags":[291,131,178,292],"class_list":{"0":"post-1648","1":"post","2":"type-post","3":"status-publish","4":"format-standard","5":"has-post-thumbnail","6":"hentry","7":"category-antropologia-medica","9":"category-el-davantal-del-covid19","11":"category-salut","13":"category-politiques","16":"category-societat-i-cultura","20":"tag-epidemias","21":"tag-historia","22":"tag-medicina","23":"tag-peste"},"acf":[],"jetpack_featured_media_url":"https:\/\/josepmcomelles.com\/wp-content\/uploads\/2025\/04\/5530085.jpeg","_links":{"self":[{"href":"https:\/\/josepmcomelles.com\/en\/wp-json\/wp\/v2\/posts\/1648","targetHints":{"allow":["GET"]}}],"collection":[{"href":"https:\/\/josepmcomelles.com\/en\/wp-json\/wp\/v2\/posts"}],"about":[{"href":"https:\/\/josepmcomelles.com\/en\/wp-json\/wp\/v2\/types\/post"}],"author":[{"embeddable":true,"href":"https:\/\/josepmcomelles.com\/en\/wp-json\/wp\/v2\/users\/1"}],"replies":[{"embeddable":true,"href":"https:\/\/josepmcomelles.com\/en\/wp-json\/wp\/v2\/comments?post=1648"}],"version-history":[{"count":6,"href":"https:\/\/josepmcomelles.com\/en\/wp-json\/wp\/v2\/posts\/1648\/revisions"}],"predecessor-version":[{"id":2633,"href":"https:\/\/josepmcomelles.com\/en\/wp-json\/wp\/v2\/posts\/1648\/revisions\/2633"}],"wp:featuredmedia":[{"embeddable":true,"href":"https:\/\/josepmcomelles.com\/en\/wp-json\/wp\/v2\/media\/1653"}],"wp:attachment":[{"href":"https:\/\/josepmcomelles.com\/en\/wp-json\/wp\/v2\/media?parent=1648"}],"wp:term":[{"taxonomy":"category","embeddable":true,"href":"https:\/\/josepmcomelles.com\/en\/wp-json\/wp\/v2\/categories?post=1648"},{"taxonomy":"post_tag","embeddable":true,"href":"https:\/\/josepmcomelles.com\/en\/wp-json\/wp\/v2\/tags?post=1648"}],"curies":[{"name":"wp","href":"https:\/\/api.w.org\/{rel}","templated":true}]}}