{"id":1192,"date":"2010-01-19T17:09:20","date_gmt":"2010-01-19T17:09:20","guid":{"rendered":"https:\/\/josepmcomelles.com\/?p=1192"},"modified":"2025-03-01T11:06:06","modified_gmt":"2025-03-01T11:06:06","slug":"northern-lights","status":"publish","type":"post","link":"https:\/\/josepmcomelles.com\/en\/northern-lights\/","title":{"rendered":"La neu on no neva. La Conca de Barber\u00e0 2010"},"content":{"rendered":"<p>La neu \u00e9s un esdeveniment al paisatge mediterrani. Oliveres, vinya, sec\u00e0, pins blancs, matoll, cabanes de pedra seca. Pobles de terra, cel sempre brut. De cop tot canvia. Els hiverns secs, el vent del Nord s&#8217;end\u00fa les brumes i espanta l&#8217;humitat del mar. La llum t\u00e9 color de diamant, enlluerna. La vegetaci\u00f3 de full perenne d\u00f3na perfils durs, foscos. Les terres siena, al capvespre rogenc, s\u00f3n esfere\u00efdores en el silenci d&#8217;una terra quasi deserta. Neva. El cel esdev\u00e9 gris, terrible. Despr\u00e9s un mestralot. El sol de nou, una llum nacrada, punyent. Al gener l&#8217;angle del sol sobre la terra \u00e9s el mateix que l&#8217;estiu a Lap\u00f2nia. Paisatge d&#8217;hivern amb llum de l&#8217;estiu. La llum del Nord. M&#8217;emociono. Anem a fer un tomb. Dues hores donant voltes per la Conca de Barber\u00e0 sota un mantell de llum. S&#8217;esvair\u00e0. 1962, 1986, 2010. Podrem tornar-ho a veure?<\/p>\n<p><b>Banda Sonora<\/b>: Stephane Grapelli &amp; Georges Delerue, &#8220;Th\u00e8me de Jeanne&#8221; de Les Valseuses (1974)<\/p>\n<div style=\"padding: 56.25% 0 0 0; position: relative;\"><iframe style=\"position: absolute; top: 0; left: 0; width: 100%; height: 100%;\" title=\"Snow, snow, snow\" src=\"https:\/\/player.vimeo.com\/video\/8850640?title=0&amp;byline=0&amp;portrait=0&amp;badge=0&amp;autopause=0&amp;player_id=0&amp;app_id=58479\" frameborder=\"0\"><\/iframe><\/div>\n<p><script src=\"https:\/\/player.vimeo.com\/api\/player.js\"><\/script><\/p>\n","protected":false},"excerpt":{"rendered":"<p>La neu \u00e9s un esdeveniment al paisatge mediterrani. Oliveres, vinya, sec\u00e0, pins blancs, matoll, cabanes de pedra seca. Pobles de terra, cel sempre brut.<\/p>\n","protected":false},"author":1,"featured_media":0,"comment_status":"open","ping_status":"open","sticky":false,"template":"","format":"standard","meta":{"_acf_changed":false,"footnotes":""},"categories":[360,368,369],"tags":[84,85,86,88],"class_list":["post-1192","post","type-post","status-publish","format-standard","hentry","category-etnografias-visuales","category-sociedad-y-cultura","category-viajes","tag-catalunya","tag-conca-de-barbera","tag-neu","tag-snow"],"acf":[],"jetpack_featured_media_url":"","_links":{"self":[{"href":"https:\/\/josepmcomelles.com\/en\/wp-json\/wp\/v2\/posts\/1192","targetHints":{"allow":["GET"]}}],"collection":[{"href":"https:\/\/josepmcomelles.com\/en\/wp-json\/wp\/v2\/posts"}],"about":[{"href":"https:\/\/josepmcomelles.com\/en\/wp-json\/wp\/v2\/types\/post"}],"author":[{"embeddable":true,"href":"https:\/\/josepmcomelles.com\/en\/wp-json\/wp\/v2\/users\/1"}],"replies":[{"embeddable":true,"href":"https:\/\/josepmcomelles.com\/en\/wp-json\/wp\/v2\/comments?post=1192"}],"version-history":[{"count":5,"href":"https:\/\/josepmcomelles.com\/en\/wp-json\/wp\/v2\/posts\/1192\/revisions"}],"predecessor-version":[{"id":1587,"href":"https:\/\/josepmcomelles.com\/en\/wp-json\/wp\/v2\/posts\/1192\/revisions\/1587"}],"wp:attachment":[{"href":"https:\/\/josepmcomelles.com\/en\/wp-json\/wp\/v2\/media?parent=1192"}],"wp:term":[{"taxonomy":"category","embeddable":true,"href":"https:\/\/josepmcomelles.com\/en\/wp-json\/wp\/v2\/categories?post=1192"},{"taxonomy":"post_tag","embeddable":true,"href":"https:\/\/josepmcomelles.com\/en\/wp-json\/wp\/v2\/tags?post=1192"}],"curies":[{"name":"wp","href":"https:\/\/api.w.org\/{rel}","templated":true}]}}